{"id":16566,"date":"2022-12-28T23:19:11","date_gmt":"2022-12-28T22:19:11","guid":{"rendered":"https:\/\/keforma.4-dimensional.ch\/?p=16566"},"modified":"2023-03-01T11:40:07","modified_gmt":"2023-03-01T10:40:07","slug":"veganer-eiweiss-pflaumenkuchen","status":"publish","type":"post","link":"https:\/\/ketest.4-dimensional.ch\/de\/veganer-eiweiss-pflaumenkuchen\/","title":{"rendered":"Veganer Eiwei\u00df-Pflaumenkuchen"},"content":{"rendered":"<div class=\"section-wrapper\" data-id=\"0xMmj4\"><section class=\"wp-block-gutenverse-section guten-element guten-section guten-0xMmj4 layout-boxed align-stretch\"><div class=\"guten-background-overlay\"><\/div><div class=\"guten-shape-divider guten-shape-divider-top\"><\/div><div class=\"guten-shape-divider guten-shape-divider-bottom\"><\/div><div class=\"guten-container guten-column-gap-default\"><div class=\"wp-block-gutenverse-column guten-element guten-column guten-JYItSA\"><div class=\"guten-background-overlay\"><\/div><div class=\"sticky-wrapper\" data-id=\"JYItSA\"><div class=\"guten-column-wrapper\"><h2 class=\"wp-block-gutenverse-heading guten-element guten-7otlnJ animated guten-element-hide slow desktop-fadeInRight\">Inhaltsstoffe<\/h2>\n\n<div class=\"section-wrapper\" data-id=\"2vPIkr\"><section class=\"wp-block-gutenverse-section guten-element guten-section guten-2vPIkr layout-boxed align-stretch\"><div class=\"guten-background-overlay\"><\/div><div class=\"guten-shape-divider guten-shape-divider-top\"><\/div><div class=\"guten-shape-divider guten-shape-divider-bottom\"><\/div><div class=\"guten-container guten-column-gap-no\"><div class=\"wp-block-gutenverse-column guten-element guten-column guten-UNqA2e\"><div class=\"guten-background-overlay\"><\/div><div class=\"sticky-wrapper\" data-id=\"UNqA2e\"><div class=\"guten-column-wrapper\"><div class=\"wp-block-gutenverse-image guten-element guten-image guten-WOR5Sl\"><a class=\"guten-image-wrapper\"><img fetchpriority=\"high\" decoding=\"async\" class=\"gutenverse-image-box-filled\" src=\"https:\/\/ketest.4-dimensional.ch\/wp-content\/uploads\/2022\/10\/xtfqxk1_jyc.jpg\" height=\"1067\" width=\"1600\"><\/a><\/div><\/div><\/div><\/div>\n\n<div class=\"wp-block-gutenverse-column guten-element guten-column guten-P6UnbT\"><div class=\"guten-background-overlay\"><\/div><div class=\"sticky-wrapper\" data-id=\"P6UnbT\"><div class=\"guten-column-wrapper\"><div class=\"guten-element guten-icon-list guten-eJvkVn\"><div class=\"guten-element guten-icon-list-item guten-tYBuZy\"><a id=\"guten-tYBuZy\"><i class=\"fas fa-check-circle\"><\/i><span class=\"list-text \">300 g reifes Bananenfruchtfleisch<\/span><\/a><\/div>\n\n<div class=\"guten-element guten-icon-list-item guten-BbPVta\"><a id=\"guten-BbPVta\"><i class=\"fas fa-check-circle\"><\/i><span class=\"list-text \">70 g Sonnenblumen\u00f6l<\/span><\/a><\/div>\n\n<div class=\"guten-element guten-icon-list-item guten-NDDL5w\"><a id=\"guten-NDDL5w\"><i class=\"fas fa-check-circle\"><\/i><span class=\"list-text \">125 ml Mandelmilch<\/span><\/a><\/div>\n\n<div class=\"guten-element guten-icon-list-item guten-9E0gnu\"><a id=\"guten-9E0gnu\"><i class=\"fas fa-check-circle\"><\/i><span class=\"list-text \">100&nbsp;g Vollkornmehl<\/span><\/a><\/div>\n\n<div class=\"guten-element guten-icon-list-item guten-DzAVUA\"><a id=\"guten-DzAVUA\"><i class=\"fas fa-check-circle\"><\/i><span class=\"list-text \">9 g Backpulver<\/span><\/a><\/div>\n\n<div class=\"guten-element guten-icon-list-item guten-7DOjp6\"><a id=\"guten-7DOjp6\"><i class=\"fas fa-check-circle\"><\/i><span class=\"list-text \">125 g gehackte Mandeln<\/span><\/a><\/div>\n\n<div class=\"guten-element guten-icon-list-item guten-TbkbsT\"><a id=\"guten-TbkbsT\"><i class=\"fas fa-check-circle\"><\/i><span class=\"list-text \">30 g Veg Protein Haselnuss- oder Schokoladengeschmack<\/span><\/a><\/div>\n\n<div class=\"guten-element guten-icon-list-item guten-0mLVuU\"><a id=\"guten-0mLVuU\"><i class=\"fas fa-check-circle\"><\/i><span class=\"list-text \">50 g dunkle Schokolade<\/span><\/a><\/div>\n\n<div class=\"guten-element guten-icon-list-item guten-mKkOju\"><a id=\"guten-mKkOju\"><i class=\"fas fa-check-circle\"><\/i><span class=\"list-text \">Pflaumenkuchenform<\/span><\/a><\/div>\n\n<div class=\"guten-element guten-icon-list-item guten-PVOqrF\"><a id=\"guten-PVOqrF\"><i class=\"fas fa-check-circle\"><\/i><span class=\"list-text \">Backpapier<\/span><\/a><\/div><\/div><\/div><\/div><\/div><\/div><\/section><\/div><\/div><\/div><\/div><\/div><\/section><\/div><div class=\"section-wrapper\" data-id=\"ncDJPs\"><section class=\"wp-block-gutenverse-section guten-element guten-section guten-ncDJPs layout-boxed align-stretch\"><div class=\"guten-background-overlay\"><\/div><div class=\"guten-shape-divider guten-shape-divider-top\"><\/div><div class=\"guten-shape-divider guten-shape-divider-bottom\"><\/div><div class=\"guten-container guten-column-gap-default\"><div class=\"wp-block-gutenverse-column guten-element guten-column guten-fEFoTi\"><div class=\"guten-background-overlay\"><\/div><div class=\"sticky-wrapper\" data-id=\"fEFoTi\"><div class=\"guten-column-wrapper\"><h2 class=\"wp-block-gutenverse-heading guten-element guten-2Higdn animated guten-element-hide slow desktop-fadeInRight\">STEP<\/h2><\/div><\/div><\/div><\/div><\/section><\/div><div class=\"section-wrapper\" data-id=\"eYQENi\"><section class=\"wp-block-gutenverse-section guten-element guten-section guten-eYQENi layout-boxed align-stretch\"><div class=\"guten-background-overlay\"><\/div><div class=\"guten-shape-divider guten-shape-divider-top\"><\/div><div class=\"guten-shape-divider guten-shape-divider-bottom\"><\/div><div class=\"guten-container guten-column-gap-default\"><div class=\"wp-block-gutenverse-column guten-element guten-column guten-qNmsH9\"><div class=\"guten-background-overlay\"><\/div><div class=\"sticky-wrapper\" data-id=\"qNmsH9\"><div class=\"guten-column-wrapper\"><div class=\"section-wrapper\" data-id=\"7XZtEt\"><section class=\"wp-block-gutenverse-section guten-element guten-section guten-7XZtEt layout-boxed align-stretch\"><div class=\"guten-background-overlay\"><\/div><div class=\"guten-shape-divider guten-shape-divider-top\"><\/div><div class=\"guten-shape-divider guten-shape-divider-bottom\"><\/div><div class=\"guten-container guten-column-gap-no\"><div class=\"wp-block-gutenverse-column guten-element guten-column guten-Rj73DJ\"><div class=\"guten-background-overlay\"><\/div><div class=\"sticky-wrapper\" data-id=\"Rj73DJ\"><div class=\"guten-column-wrapper\"><h2 class=\"wp-block-gutenverse-heading guten-element guten-RkjBpQ step-blog\">1<\/h2><\/div><\/div><\/div>\n\n<div class=\"wp-block-gutenverse-column guten-element guten-column guten-8Y1xNF\"><div class=\"guten-background-overlay\"><\/div><div class=\"sticky-wrapper\" data-id=\"8Y1xNF\"><div class=\"guten-column-wrapper\"><h2 class=\"wp-block-gutenverse-heading guten-element guten-Kt7icw\">Vorbereitung<\/h2>\n\n<div class=\"guten-element gutenverse-text-editor guten-zJQ3Bb\"><div class=\"text-content-inner\"><p>Die Bananen sch\u00e4len und zu einem P\u00fcree p\u00fcrieren.<\/p><\/div><\/div><\/div><\/div><\/div><\/div><\/section><\/div><\/div><\/div><\/div><\/div><\/section><\/div><div class=\"section-wrapper\" data-id=\"mYOi2k\"><section class=\"wp-block-gutenverse-section guten-element guten-section guten-mYOi2k layout-boxed align-stretch\"><div class=\"guten-background-overlay\"><\/div><div class=\"guten-shape-divider guten-shape-divider-top\"><\/div><div class=\"guten-shape-divider guten-shape-divider-bottom\"><\/div><div class=\"guten-container guten-column-gap-default\"><div class=\"wp-block-gutenverse-column guten-element guten-column guten-6JSRXr\"><div class=\"guten-background-overlay\"><\/div><div class=\"sticky-wrapper\" data-id=\"6JSRXr\"><div class=\"guten-column-wrapper\"><div class=\"section-wrapper\" data-id=\"A1MwLe\"><section class=\"wp-block-gutenverse-section guten-element guten-section guten-A1MwLe layout-boxed align-stretch\"><div class=\"guten-background-overlay\"><\/div><div class=\"guten-shape-divider guten-shape-divider-top\"><\/div><div class=\"guten-shape-divider guten-shape-divider-bottom\"><\/div><div class=\"guten-container guten-column-gap-no\"><div class=\"wp-block-gutenverse-column guten-element guten-column guten-jzb4Gl\"><div class=\"guten-background-overlay\"><\/div><div class=\"sticky-wrapper\" data-id=\"jzb4Gl\"><div class=\"guten-column-wrapper\"><h2 class=\"wp-block-gutenverse-heading guten-element guten-GFAfz3 step-blog\">2<\/h2><\/div><\/div><\/div>\n\n<div class=\"wp-block-gutenverse-column guten-element guten-column guten-6MGt4X\"><div class=\"guten-background-overlay\"><\/div><div class=\"sticky-wrapper\" data-id=\"6MGt4X\"><div class=\"guten-column-wrapper\"><h2 class=\"wp-block-gutenverse-heading guten-element guten-2BzeU3\">Kneten<\/h2>\n\n<div class=\"guten-element gutenverse-text-editor guten-DhBYaT\"><div class=\"text-content-inner\"><p>Das \u00d6l und die Mandelmilch hinzuf\u00fcgen und den Teig einige Minuten lang kneten.<\/p>\n\n<p>Mehl, Backpulver, Mandeln und Veg Protein 100% Hazelnut oder Chocolate hinzuf\u00fcgen.<\/p>\n\n<p>Die Schokolade mit einem Messer grob hacken und unter die Masse heben.<\/p><\/div><\/div><\/div><\/div><\/div><\/div><\/section><\/div><\/div><\/div><\/div><\/div><\/section><\/div><div class=\"section-wrapper\" data-id=\"wqQ7th\"><section class=\"wp-block-gutenverse-section guten-element guten-section guten-wqQ7th layout-boxed align-stretch\"><div class=\"guten-background-overlay\"><\/div><div class=\"guten-shape-divider guten-shape-divider-top\"><\/div><div class=\"guten-shape-divider guten-shape-divider-bottom\"><\/div><div class=\"guten-container guten-column-gap-default\"><div class=\"wp-block-gutenverse-column guten-element guten-column guten-cnT2Ic\"><div class=\"guten-background-overlay\"><\/div><div class=\"sticky-wrapper\" data-id=\"cnT2Ic\"><div class=\"guten-column-wrapper\"><div class=\"section-wrapper\" data-id=\"VRqlM0\"><section class=\"wp-block-gutenverse-section guten-element guten-section guten-VRqlM0 layout-boxed align-stretch\"><div class=\"guten-background-overlay\"><\/div><div class=\"guten-shape-divider guten-shape-divider-top\"><\/div><div class=\"guten-shape-divider guten-shape-divider-bottom\"><\/div><div class=\"guten-container guten-column-gap-no\"><div class=\"wp-block-gutenverse-column guten-element guten-column guten-dZrl3q\"><div class=\"guten-background-overlay\"><\/div><div class=\"sticky-wrapper\" data-id=\"dZrl3q\"><div class=\"guten-column-wrapper\"><h2 class=\"wp-block-gutenverse-heading guten-element guten-hhmCIj step-blog\">3<\/h2><\/div><\/div><\/div>\n\n<div class=\"wp-block-gutenverse-column guten-element guten-column guten-ii4sFa\"><div class=\"guten-background-overlay\"><\/div><div class=\"sticky-wrapper\" data-id=\"ii4sFa\"><div class=\"guten-column-wrapper\"><h2 class=\"wp-block-gutenverse-heading guten-element guten-OKHKKS\">Kochen<\/h2>\n\n<div class=\"guten-element gutenverse-text-editor guten-wMisCn\"><div class=\"text-content-inner\"><p>Die Form mit Backpapier auslegen und den Teig einf\u00fcllen.<\/p>\n\n<p>Bei 180 Grad auf der mittleren Schiene 45 Minuten backen.<\/p><\/div><\/div><\/div><\/div><\/div><\/div><\/section><\/div><\/div><\/div><\/div><\/div><\/section><\/div><div class=\"section-wrapper\" data-id=\"JUGveQ\"><section class=\"wp-block-gutenverse-section guten-element guten-section guten-JUGveQ layout-boxed align-stretch\"><div class=\"guten-background-overlay\"><\/div><div class=\"guten-shape-divider guten-shape-divider-top\"><\/div><div class=\"guten-shape-divider guten-shape-divider-bottom\"><\/div><div class=\"guten-container guten-column-gap-default\"><div class=\"wp-block-gutenverse-column guten-element guten-column guten-ckacvw\"><div class=\"guten-background-overlay\"><\/div><div class=\"sticky-wrapper\" data-id=\"ckacvw\"><div class=\"guten-column-wrapper\"><h2 class=\"wp-block-gutenverse-heading guten-element guten-PRiDs3 animated guten-element-hide slow desktop-fadeInRight\">Pflaumenkuchen-Produkte<\/h2>\n\n<div class=\"wp-block-group alignwide\"><div class=\"wp-block-group__inner-container is-layout-flow wp-block-group-is-layout-flow\"><div data-align-buttons=\"true\" data-block-name=\"woocommerce\/handpicked-products\" data-columns=\"2\" data-content-visibility=\"{&quot;image&quot;:true,&quot;title&quot;:true,&quot;price&quot;:true,&quot;rating&quot;:true,&quot;button&quot;:true}\" data-products=\"[10173]\" class=\"wc-block-grid wp-block-handpicked-products wp-block-woocommerce-handpicked-products wc-block-handpicked-products has-2-columns has-multiple-rows alignwide has-aligned-buttons blog-product\"><ul class=\"wc-block-grid__products\"><li class=\"wc-block-grid__product\">\n\t\t\t\t<a href=\"https:\/\/ketest.4-dimensional.ch\/de\/shop\/eiweis\/eiweisspulver-veg-protein\/\" class=\"wc-block-grid__product-link\">\n\t\t\t\t\t\n\t\t\t\t\t<div class=\"wc-block-grid__product-image\"><img decoding=\"async\" width=\"238\" height=\"238\" src=\"data:image\/gif;base64,R0lGODlhAQABAAD\/ACwAAAAAAQABAAACADs%3D\" data-src=\"https:\/\/ketest.4-dimensional.ch\/wp-content\/uploads\/2022\/10\/KeFORMA-Switzerland-Protein-100_-Vegetable-Powder-Gluten-Free-Lactose-Free-No-oil-palm-Fibers-Low-Fa-238x238.webp\" class=\"lazyload attachment-woocommerce_thumbnail size-woocommerce_thumbnail\" alt=\"Veg Protein Powder KeFORMA Schweiz\" data-srcset=\"https:\/\/ketest.4-dimensional.ch\/wp-content\/uploads\/2022\/10\/KeFORMA-Switzerland-Protein-100_-Vegetable-Powder-Gluten-Free-Lactose-Free-No-oil-palm-Fibers-Low-Fa-238x238.webp 238w, https:\/\/ketest.4-dimensional.ch\/wp-content\/uploads\/2022\/10\/KeFORMA-Switzerland-Protein-100_-Vegetable-Powder-Gluten-Free-Lactose-Free-No-oil-palm-Fibers-Low-Fa-360x360.webp 360w, https:\/\/ketest.4-dimensional.ch\/wp-content\/uploads\/2022\/10\/KeFORMA-Switzerland-Protein-100_-Vegetable-Powder-Gluten-Free-Lactose-Free-No-oil-palm-Fibers-Low-Fa-750x750.webp 750w, https:\/\/ketest.4-dimensional.ch\/wp-content\/uploads\/2022\/10\/KeFORMA-Switzerland-Protein-100_-Vegetable-Powder-Gluten-Free-Lactose-Free-No-oil-palm-Fibers-Low-Fa-55x55.webp 55w, https:\/\/ketest.4-dimensional.ch\/wp-content\/uploads\/2022\/10\/KeFORMA-Switzerland-Protein-100_-Vegetable-Powder-Gluten-Free-Lactose-Free-No-oil-palm-Fibers-Low-Fa-445x445.webp 445w, https:\/\/ketest.4-dimensional.ch\/wp-content\/uploads\/2022\/10\/KeFORMA-Switzerland-Protein-100_-Vegetable-Powder-Gluten-Free-Lactose-Free-No-oil-palm-Fibers-Low-Fa-476x476.webp 476w, https:\/\/ketest.4-dimensional.ch\/wp-content\/uploads\/2022\/10\/KeFORMA-Switzerland-Protein-100_-Vegetable-Powder-Gluten-Free-Lactose-Free-No-oil-palm-Fibers-Low-Fa-142x142.webp 142w, https:\/\/ketest.4-dimensional.ch\/wp-content\/uploads\/2022\/10\/KeFORMA-Switzerland-Protein-100_-Vegetable-Powder-Gluten-Free-Lactose-Free-No-oil-palm-Fibers-Low-Fa-110x110.webp 110w, https:\/\/ketest.4-dimensional.ch\/wp-content\/uploads\/2022\/10\/KeFORMA-Switzerland-Protein-100_-Vegetable-Powder-Gluten-Free-Lactose-Free-No-oil-palm-Fibers-Low-Fa.webp 1000w\" data-sizes=\"(max-width: 238px) 100vw, 238px\" \/><\/div>\n\t\t\t\t\t<div class=\"wc-block-grid__product-title\">Eiwei\u00dfpulver Veg Protein<\/div>\n\t\t\t\t<\/a>\n\t\t\t\t<div class=\"wc-block-grid__product-price price\"><span class=\"woocommerce-Price-amount amount\"><span class=\"woocommerce-Price-currencySymbol\">&#067;&#072;&#070;<\/span>&nbsp;44.00<\/span> &ndash; <span class=\"woocommerce-Price-amount amount\"><span class=\"woocommerce-Price-currencySymbol\">&#067;&#072;&#070;<\/span>&nbsp;71.00<\/span><\/div>\n\t\t\t\t<div class=\"wc-block-grid__product-rating\"><div class=\"star-rating\" role=\"img\" aria-label=\"Bewertet mit 5.00 von 5\"><span style=\"width:100%\">Bewertet mit <strong class=\"rating\">5.00<\/strong> von 5, basierend auf <span class=\"rating\">1<\/span> Kundenbewertung<\/span><\/div><\/div>\n\t\t\t\t<div class=\"wp-block-button wc-block-grid__product-add-to-cart\"><a href=\"\/de\/wp-json\/wp\/v2\/posts\/16566?add-to-cart=10173\" aria-label=\"W\u00e4hle Optionen f\u00fcr \u201eEiwei\u00dfpulver Veg Protein\u201c\" data-quantity=\"1\" data-product_id=\"10173\" data-product_sku=\"\" data-price=\"71\" rel=\"nofollow\" class=\"wp-block-button__link  add_to_cart_button\">In den Warenkorb<\/a><\/div>\n\t\t\t<\/li><\/ul><\/div><\/div><\/div><\/div><\/div><\/div><\/div><\/section><\/div><div class=\"section-wrapper\" data-id=\"NOimEl\"><section class=\"wp-block-gutenverse-section guten-element guten-section guten-NOimEl layout-boxed align-stretch\"><div class=\"guten-background-overlay\"><\/div><div class=\"guten-shape-divider guten-shape-divider-top\"><\/div><div class=\"guten-shape-divider guten-shape-divider-bottom\"><\/div><div class=\"guten-container guten-column-gap-default\"><div class=\"wp-block-gutenverse-column guten-element guten-column guten-LxY2yl\"><div class=\"guten-background-overlay\"><\/div><div class=\"sticky-wrapper\" data-id=\"LxY2yl\"><div class=\"guten-column-wrapper\"><h2 class=\"wp-block-gutenverse-heading guten-element guten-b1kcLH animated guten-element-hide slow desktop-fadeInRight\">N\u00e4hrwertangaben<\/h2>\n\n<figure class=\"wp-block-table is-style-stripes\"><table class=\"has-fixed-layout\"><tbody><tr><td><strong>Insgesamt 1 Portion<\/strong><\/td><td><\/td><td><strong>1 Teil<\/strong><\/td><\/tr><tr><td>Kalorien<\/td><td><\/td><td>232 kcal<\/td><\/tr><tr><td>Fett insgesamt<\/td><td>15 g<\/td><td><\/td><\/tr><tr><td>Kohlenhydrate insgesamt<\/td><td>16 g<\/td><td><\/td><\/tr><tr><td>Eiwei\u00df<\/td><td>13 g<\/td><td><\/td><\/tr><\/tbody><\/table><\/figure><\/div><\/div><\/div><\/div><\/section><\/div><div class=\"section-wrapper\" data-id=\"DDDSd6\"><section class=\"wp-block-gutenverse-section guten-element guten-section guten-DDDSd6 layout-boxed align-stretch\"><div class=\"guten-background-overlay\"><\/div><div class=\"guten-shape-divider guten-shape-divider-top\"><\/div><div class=\"guten-shape-divider guten-shape-divider-bottom\"><\/div><div class=\"guten-container guten-column-gap-default\"><div class=\"wp-block-gutenverse-column guten-element guten-column guten-FmfRJC\"><div class=\"guten-background-overlay\"><\/div><div class=\"sticky-wrapper\" data-id=\"FmfRJC\"><div class=\"guten-column-wrapper\"><blockquote class=\"wp-block-quote has-text-align-left is-layout-flow wp-block-quote-is-layout-flow\"><p>Neugierde:<\/p><cite>Il nome deriva dal fatto che anticamente in Inghilterra si realizzava con le prugne (<em>plum<\/em>) secche<sup><a href=\"https:\/\/it.wikipedia.org\/wiki\/Plum_cake#cite_note-4\">[4]<\/a><\/sup>. Oggi tuttavia gli anglosassoni preferiscono usare il termine&nbsp;<em>fruitcake<\/em>, riservando il termine&nbsp;<em>plum cake<\/em>&nbsp;per indicare negli&nbsp;<a href=\"https:\/\/it.wikipedia.org\/wiki\/Stati_Uniti_d%27America\">Stati Uniti<\/a>&nbsp;le torte alle prugne e nel&nbsp;<a href=\"https:\/\/it.wikipedia.org\/wiki\/Regno_Unito\">Regno Unito<\/a>&nbsp;alcune specialit\u00e0 regionali.<\/cite><\/blockquote><\/div><\/div><\/div><\/div><\/section><\/div>","protected":false},"excerpt":{"rendered":"<p>100 % pflanzlicher Protein-Pflaumenkuchen.<\/p>\n","protected":false},"author":1,"featured_media":9741,"comment_status":"open","ping_status":"open","sticky":false,"template":"","format":"standard","meta":{"footnotes":""},"categories":[188],"tags":[536,566,537,567,539,538,563,568],"class_list":["post-16566","post","type-post","status-publish","format-standard","has-post-thumbnail","hentry","category-rezepte","tag-eiweise","tag-kuchen","tag-muskeln","tag-pflaumenkuchen","tag-rezept","tag-starke","tag-vegan-de","tag-vegetarisch"],"aioseo_notices":[],"_links":{"self":[{"href":"https:\/\/ketest.4-dimensional.ch\/de\/wp-json\/wp\/v2\/posts\/16566","targetHints":{"allow":["GET"]}}],"collection":[{"href":"https:\/\/ketest.4-dimensional.ch\/de\/wp-json\/wp\/v2\/posts"}],"about":[{"href":"https:\/\/ketest.4-dimensional.ch\/de\/wp-json\/wp\/v2\/types\/post"}],"author":[{"embeddable":true,"href":"https:\/\/ketest.4-dimensional.ch\/de\/wp-json\/wp\/v2\/users\/1"}],"replies":[{"embeddable":true,"href":"https:\/\/ketest.4-dimensional.ch\/de\/wp-json\/wp\/v2\/comments?post=16566"}],"version-history":[{"count":5,"href":"https:\/\/ketest.4-dimensional.ch\/de\/wp-json\/wp\/v2\/posts\/16566\/revisions"}],"predecessor-version":[{"id":16957,"href":"https:\/\/ketest.4-dimensional.ch\/de\/wp-json\/wp\/v2\/posts\/16566\/revisions\/16957"}],"wp:featuredmedia":[{"embeddable":true,"href":"https:\/\/ketest.4-dimensional.ch\/de\/wp-json\/wp\/v2\/media\/9741"}],"wp:attachment":[{"href":"https:\/\/ketest.4-dimensional.ch\/de\/wp-json\/wp\/v2\/media?parent=16566"}],"wp:term":[{"taxonomy":"category","embeddable":true,"href":"https:\/\/ketest.4-dimensional.ch\/de\/wp-json\/wp\/v2\/categories?post=16566"},{"taxonomy":"post_tag","embeddable":true,"href":"https:\/\/ketest.4-dimensional.ch\/de\/wp-json\/wp\/v2\/tags?post=16566"}],"curies":[{"name":"wp","href":"https:\/\/api.w.org\/{rel}","templated":true}]}}